{"id":11785,"date":"2025-02-20T20:50:11","date_gmt":"2025-02-20T20:50:11","guid":{"rendered":"https:\/\/www.dorfglueck-bergland.at\/?p=11785"},"modified":"2026-01-23T23:05:59","modified_gmt":"2026-01-23T23:05:59","slug":"maerzplus-in-the-wilder-kaiser-region-in-the-apartment-soell","status":"publish","type":"post","link":"https:\/\/www.dorfglueck-bergland.at\/en\/maerzplus-in-the-wilder-kaiser-region-in-the-apartment-soell\/","title":{"rendered":"M\u00e4rzPlus in the Wilder Kaiser region in the Apartment S\u00f6ll"},"content":{"rendered":"<div class=\"fusion-fullwidth fullwidth-box fusion-builder-row-1 fusion-flex-container nonhundred-percent-fullwidth non-hundred-percent-height-scrolling gradient-container-1\" style=\"--awb-border-radius-top-left:0px;--awb-border-radius-top-right:0px;--awb-border-radius-bottom-right:0px;--awb-border-radius-bottom-left:0px;--awb-overflow:visible;--awb-padding-top-small:0px;--awb-padding-right-small:15px;--awb-padding-bottom-small:0px;--awb-padding-left-small:15px;--awb-flex-wrap:wrap;\" ><div class=\"fusion-builder-row fusion-row fusion-flex-align-items-flex-start fusion-flex-content-wrap\" style=\"max-width:1216.8px;margin-left: calc(-4% \/ 2 );margin-right: calc(-4% \/ 2 );\"><div class=\"fusion-layout-column fusion_builder_column fusion-builder-column-0 fusion_builder_column_1_1 1_1 fusion-flex-column fusion-flex-align-self-flex-start fusion-column-no-min-height\" style=\"--awb-bg-blend:overlay;--awb-bg-size:cover;--awb-width-large:100%;--awb-margin-top-large:0px;--awb-spacing-right-large:1.92%;--awb-margin-bottom-large:0px;--awb-spacing-left-large:1.92%;--awb-width-medium:100%;--awb-spacing-right-medium:1.92%;--awb-spacing-left-medium:1.92%;--awb-width-small:100%;--awb-spacing-right-small:1.92%;--awb-spacing-left-small:1.92%;\"><div class=\"fusion-column-wrapper fusion-flex-justify-content-flex-start fusion-content-layout-column\"><div class=\"fusion-title title fusion-title-1 fusion-sep-none fusion-title-text fusion-title-size-one\" style=\"--awb-text-color:var(--awb-color5);--awb-margin-top-small:0px;--awb-margin-right-small:0px;--awb-margin-bottom-small:20px;--awb-margin-left-small:0px;--awb-font-size:45px;\"><h1 class=\"fusion-title-heading title-heading-left fusion-responsive-typography-calculated\" style=\"font-family:var(--awb-typography1-font-family);font-weight:var(--awb-typography1-font-weight);font-style:var(--awb-typography1-font-style);margin:0;letter-spacing:var(--awb-typography1-letter-spacing);font-size:1em;--fontSize:45;line-height:var(--awb-typography1-line-height);\"><h2>Your M\u00c4RZplus 2025 at Appartement am Wilden Kaiser &#8211; winter magic meets spring joy<\/h2><\/h1><\/div><div class=\"fusion-text fusion-text-1\" style=\"--awb-font-size:var(--awb-typography4-font-size);--awb-line-height:var(--awb-typography4-line-height);--awb-letter-spacing:var(--awb-typography4-letter-spacing);--awb-text-transform:var(--awb-typography4-text-transform);--awb-text-font-family:var(--awb-typography4-font-family);--awb-text-font-weight:var(--awb-typography4-font-weight);--awb-text-font-style:var(--awb-typography4-font-style);\"><p>In March, the Wilder Kaiser region is transformed into a unique paradise that combines the splendor of winter with the freshness of spring. Look forward to the M\u00c4RZplus program, which offers a variety of fascinating activities and free experiences for our guests in the vacation apartment in S\u00f6ll.<\/p>\n<p>Experience the magic of snow-covered peaks and spring-like valleys in a captivating combination. Start the day on the immaculately groomed slopes of the SkiWelt Wilder Kaiser &#8211; Brixental and then immerse yourself in a varied program: Visit our free Kaiserschmarren workshop and learn how to prepare this delicious specialty yourself, take part in the free yodeling course that puts your vocal chords to the test, or enjoy the energetic rock concerts in Going without paying an entrance fee. For families, March offers ideal conditions for ski lessons, and with the WilderKaiserCard you also benefit from many discounts.<\/p>\n<h2><span style=\"color: #127b7f;\">Your M\u00c4RZplus &#8211; Experience winter on the mountain and spring in the valley<\/span><\/h2>\n<h3><span style=\"color: #127b7f;\">March 03 to March 31, 2025 at the Aparthotel Bergland in S\u00f6ll am Wilden Kaiser<\/span><\/h3>\n<p>While the snow-covered peaks of the Wilder Kaiser still invite you to go skiing, the valley is already beginning to welcome spring. March at the Aparthotel Bergland combines the best of both seasons and offers a vacation that is hard to beat in its variety. Enjoy sunny hours in the ski area and then discover our varied M\u00c4RZplus program with activities for the whole family, sporting challenges, event highlights and imperial indulgence.<\/p>\n<h2><span style=\"color: #127b7f;\">Your M\u00c4RZplus program<\/span><\/h2>\n<h3><span style=\"color: #127b7f;\">The best events in March &#8211; free or discounted with the Wilder Kaiser GuestCard<\/span><\/h3>\n<h3><span style=\"color: #127b7f;\">1. active<\/span><br \/>\n<span style=\"color: #127b7f;\">M\u00c4RZplus outside<\/span><\/h3>\n<p>Start your day early with a descent on the freshly groomed slopes of the SkiWelt Wilder Kaiser &#8211; Brixental, which are open from 08:00. After a sporty morning, the huts with their sunny terraces offer ideal conditions for a relaxing break. In the afternoon, the first bike tours, enjoyable hikes or sporty runs beckon. Explore the variety of guided offers and enjoy nature to the full.<\/p>\n<h3><span style=\"color: #127b7f;\">2nd entertainment<\/span><br \/>\n<span style=\"color: #127b7f;\">M\u00c4RZplus on the dance floor<\/span><\/h3>\n<p>March at the Wilder Kaiser pulsates with music and conviviality. Apr\u00e8s-ski with live music in the cozy huts and pubs of the four Kaiser villages, Tuesday concerts in the village center of Ellmau and the popular GOING live events transform the Goinger Kirchplatz into a spectacular open-air stage. The S\u00f6ller Friday March Special also offers music and culinary highlights in the village center. The best thing is that you can reach everything on foot. From the apartment house it is only 500m to the village center and only 200m to the valley station.<\/p>\n<h3><span style=\"color: #127b7f;\">3rd pleasure<\/span><br \/>\n<span style=\"color: #127b7f;\">M\u00c4RZplus into pleasure<\/span><\/h3>\n<p>March at the Wilder Kaiser is a time of culinary delights. Our restaurants, inns and mountain huts offer everything your heart desires, from traditional Tyrolean dishes to award-winning cuisine. Take part in a gourmet hike or a Kaiserschmarrn workshop and take a look behind the scenes of regional products. The workshop &#8220;Grillen S\u00fc\u00dfes &amp; Saures&#8221; also heralds the start of the barbecue season in March. You&#8217;ll get your money&#8217;s worth in the vacation apartment in S\u00f6ll.<\/p>\n<h3><span style=\"color: #127b7f;\">4th family<\/span><br \/>\n<span style=\"color: #127b7f;\">M\u00c4RZplus on a family vacation<\/span><\/h3>\n<p>What could be better than spending March with the family at the Wilder Kaiser? With pleasant temperatures and more space on the slopes, skiing becomes a pleasure for the little ones. Ski schools, Kinderland, childcare and ski rental are all available on site. During the family ski weeks, all children up to the age of 15 ski for free when accompanied by an adult. Exciting activities such as wild animal feeding await you in the valley &#8211; free of charge with the Wilder Kaiser GuestCard.<br \/>\nWe at the Aparthotel Bergland in S\u00f6ll am Wilden Kaiser look forward to welcoming you and your loved ones. Get ready for a fabulous March that combines skiing fun and spring magic!<\/p>\n<\/div><\/div><\/div><div class=\"fusion-layout-column fusion_builder_column fusion-builder-column-1 fusion_builder_column_1_1 1_1 fusion-flex-column fusion-flex-align-self-flex-start fusion-column-no-min-height\" style=\"--awb-bg-blend:overlay;--awb-bg-size:cover;--awb-width-large:100%;--awb-margin-top-large:0px;--awb-spacing-right-large:1.92%;--awb-margin-bottom-large:0px;--awb-spacing-left-large:1.92%;--awb-width-medium:100%;--awb-spacing-right-medium:1.92%;--awb-spacing-left-medium:1.92%;--awb-width-small:100%;--awb-spacing-right-small:1.92%;--awb-spacing-left-small:1.92%;\"><div class=\"fusion-column-wrapper fusion-flex-justify-content-flex-start fusion-content-layout-column\"><\/div><\/div><\/div><\/div>\n","protected":false},"excerpt":{"rendered":"","protected":false},"author":6,"featured_media":9194,"comment_status":"closed","ping_status":"open","sticky":false,"template":"","format":"standard","meta":{"footnotes":""},"categories":[95,97],"tags":[],"class_list":["post-11785","post","type-post","status-publish","format-standard","has-post-thumbnail","hentry","category-region-en","category-ski-school"],"yoast_head":"<!-- This site is optimized with the Yoast SEO plugin v27.5 - https:\/\/yoast.com\/product\/yoast-seo-wordpress\/ -->\n<title>M\u00e4rzPlus in the Apartment S\u00f6ll . in Holiday apartment Wilder Kaiser<\/title>\n<meta name=\"description\" content=\"M\u00e4rzPlus Information at Appartement S\u00f6ll . The top vacation apartment on the Wilder Kaiser. You can find all the information about the campaign in March here.\" \/>\n<meta name=\"robots\" content=\"noindex, follow, max-snippet:-1, max-image-preview:large, max-video-preview:-1\" \/>\n<meta property=\"og:locale\" content=\"en_US\" \/>\n<meta property=\"og:type\" content=\"article\" \/>\n<meta property=\"og:title\" content=\"M\u00e4rzPlus in the Apartment S\u00f6ll . in Holiday apartment Wilder Kaiser\" \/>\n<meta property=\"og:description\" content=\"M\u00e4rzPlus Information at Appartement S\u00f6ll . The top vacation apartment on the Wilder Kaiser. You can find all the information about the campaign in March here.\" \/>\n<meta property=\"og:url\" content=\"https:\/\/www.dorfglueck-bergland.at\/en\/maerzplus-in-the-wilder-kaiser-region-in-the-apartment-soell\/\" \/>\n<meta property=\"og:site_name\" content=\"Bergland Dorfgl\u00fcck\" \/>\n<meta property=\"article:published_time\" content=\"2025-02-20T20:50:11+00:00\" \/>\n<meta property=\"article:modified_time\" content=\"2026-01-23T23:05:59+00:00\" \/>\n<meta property=\"og:image\" content=\"https:\/\/www.dorfglueck-bergland.at\/wp-content\/uploads\/2022\/04\/Winterwandern_Ferienwohnung_Soell.jpg\" \/>\n\t<meta property=\"og:image:width\" content=\"1900\" \/>\n\t<meta property=\"og:image:height\" content=\"907\" \/>\n\t<meta property=\"og:image:type\" content=\"image\/jpeg\" \/>\n<meta name=\"author\" content=\"Sabine Egger\" \/>\n<meta name=\"twitter:card\" content=\"summary_large_image\" \/>\n<meta name=\"twitter:label1\" content=\"Written by\" \/>\n\t<meta name=\"twitter:data1\" content=\"Sabine Egger\" \/>\n\t<meta name=\"twitter:label2\" content=\"Est. reading time\" \/>\n\t<meta name=\"twitter:data2\" content=\"5 minutes\" \/>\n<script type=\"application\/ld+json\" class=\"yoast-schema-graph\">{\"@context\":\"https:\\\/\\\/schema.org\",\"@graph\":[{\"@type\":\"Article\",\"@id\":\"https:\\\/\\\/www.dorfglueck-bergland.at\\\/en\\\/maerzplus-in-the-wilder-kaiser-region-in-the-apartment-soell\\\/#article\",\"isPartOf\":{\"@id\":\"https:\\\/\\\/www.dorfglueck-bergland.at\\\/en\\\/maerzplus-in-the-wilder-kaiser-region-in-the-apartment-soell\\\/\"},\"author\":{\"name\":\"Sabine Egger\",\"@id\":\"https:\\\/\\\/www.dorfglueck-bergland.at\\\/en\\\/#\\\/schema\\\/person\\\/f33eb9ceda8c5e6b8b296daa5df7a96c\"},\"headline\":\"M\u00e4rzPlus in the Wilder Kaiser region in the Apartment S\u00f6ll\",\"datePublished\":\"2025-02-20T20:50:11+00:00\",\"dateModified\":\"2026-01-23T23:05:59+00:00\",\"mainEntityOfPage\":{\"@id\":\"https:\\\/\\\/www.dorfglueck-bergland.at\\\/en\\\/maerzplus-in-the-wilder-kaiser-region-in-the-apartment-soell\\\/\"},\"wordCount\":1478,\"image\":{\"@id\":\"https:\\\/\\\/www.dorfglueck-bergland.at\\\/en\\\/maerzplus-in-the-wilder-kaiser-region-in-the-apartment-soell\\\/#primaryimage\"},\"thumbnailUrl\":\"https:\\\/\\\/www.dorfglueck-bergland.at\\\/wp-content\\\/uploads\\\/2022\\\/04\\\/Winterwandern_Ferienwohnung_Soell.jpg\",\"articleSection\":[\"Region\",\"ski school\"],\"inLanguage\":\"en-US\"},{\"@type\":\"WebPage\",\"@id\":\"https:\\\/\\\/www.dorfglueck-bergland.at\\\/en\\\/maerzplus-in-the-wilder-kaiser-region-in-the-apartment-soell\\\/\",\"url\":\"https:\\\/\\\/www.dorfglueck-bergland.at\\\/en\\\/maerzplus-in-the-wilder-kaiser-region-in-the-apartment-soell\\\/\",\"name\":\"M\u00e4rzPlus in the Apartment S\u00f6ll . in Holiday apartment Wilder Kaiser\",\"isPartOf\":{\"@id\":\"https:\\\/\\\/www.dorfglueck-bergland.at\\\/en\\\/#website\"},\"primaryImageOfPage\":{\"@id\":\"https:\\\/\\\/www.dorfglueck-bergland.at\\\/en\\\/maerzplus-in-the-wilder-kaiser-region-in-the-apartment-soell\\\/#primaryimage\"},\"image\":{\"@id\":\"https:\\\/\\\/www.dorfglueck-bergland.at\\\/en\\\/maerzplus-in-the-wilder-kaiser-region-in-the-apartment-soell\\\/#primaryimage\"},\"thumbnailUrl\":\"https:\\\/\\\/www.dorfglueck-bergland.at\\\/wp-content\\\/uploads\\\/2022\\\/04\\\/Winterwandern_Ferienwohnung_Soell.jpg\",\"datePublished\":\"2025-02-20T20:50:11+00:00\",\"dateModified\":\"2026-01-23T23:05:59+00:00\",\"author\":{\"@id\":\"https:\\\/\\\/www.dorfglueck-bergland.at\\\/en\\\/#\\\/schema\\\/person\\\/f33eb9ceda8c5e6b8b296daa5df7a96c\"},\"description\":\"M\u00e4rzPlus Information at Appartement S\u00f6ll . The top vacation apartment on the Wilder Kaiser. You can find all the information about the campaign in March here.\",\"breadcrumb\":{\"@id\":\"https:\\\/\\\/www.dorfglueck-bergland.at\\\/en\\\/maerzplus-in-the-wilder-kaiser-region-in-the-apartment-soell\\\/#breadcrumb\"},\"inLanguage\":\"en-US\",\"potentialAction\":[{\"@type\":\"ReadAction\",\"target\":[\"https:\\\/\\\/www.dorfglueck-bergland.at\\\/en\\\/maerzplus-in-the-wilder-kaiser-region-in-the-apartment-soell\\\/\"]}]},{\"@type\":\"ImageObject\",\"inLanguage\":\"en-US\",\"@id\":\"https:\\\/\\\/www.dorfglueck-bergland.at\\\/en\\\/maerzplus-in-the-wilder-kaiser-region-in-the-apartment-soell\\\/#primaryimage\",\"url\":\"https:\\\/\\\/www.dorfglueck-bergland.at\\\/wp-content\\\/uploads\\\/2022\\\/04\\\/Winterwandern_Ferienwohnung_Soell.jpg\",\"contentUrl\":\"https:\\\/\\\/www.dorfglueck-bergland.at\\\/wp-content\\\/uploads\\\/2022\\\/04\\\/Winterwandern_Ferienwohnung_Soell.jpg\",\"width\":1900,\"height\":907,\"caption\":\"Photo: Winter hiking at the vacation apartment S\u00f6ll Wilder Kaiser Tirol Austria on a last minute vacation with dog\"},{\"@type\":\"BreadcrumbList\",\"@id\":\"https:\\\/\\\/www.dorfglueck-bergland.at\\\/en\\\/maerzplus-in-the-wilder-kaiser-region-in-the-apartment-soell\\\/#breadcrumb\",\"itemListElement\":[{\"@type\":\"ListItem\",\"position\":1,\"name\":\"Startseite\",\"item\":\"https:\\\/\\\/www.dorfglueck-bergland.at\\\/en\\\/\"},{\"@type\":\"ListItem\",\"position\":2,\"name\":\"M\u00e4rzPlus in the Wilder Kaiser region in the Apartment S\u00f6ll\"}]},{\"@type\":\"WebSite\",\"@id\":\"https:\\\/\\\/www.dorfglueck-bergland.at\\\/en\\\/#website\",\"url\":\"https:\\\/\\\/www.dorfglueck-bergland.at\\\/en\\\/\",\"name\":\"Bergland Dorfgl\u00fcck\",\"description\":\"G\u00fcnstiges Hostel in S\u00f6ll am Wilden Kaiser\",\"potentialAction\":[{\"@type\":\"SearchAction\",\"target\":{\"@type\":\"EntryPoint\",\"urlTemplate\":\"https:\\\/\\\/www.dorfglueck-bergland.at\\\/en\\\/?s={search_term_string}\"},\"query-input\":{\"@type\":\"PropertyValueSpecification\",\"valueRequired\":true,\"valueName\":\"search_term_string\"}}],\"inLanguage\":\"en-US\"},{\"@type\":\"Person\",\"@id\":\"https:\\\/\\\/www.dorfglueck-bergland.at\\\/en\\\/#\\\/schema\\\/person\\\/f33eb9ceda8c5e6b8b296daa5df7a96c\",\"name\":\"Sabine Egger\",\"image\":{\"@type\":\"ImageObject\",\"inLanguage\":\"en-US\",\"@id\":\"https:\\\/\\\/secure.gravatar.com\\\/avatar\\\/db0c72207267e5818f52d5e91e771f18bb2ea3e9b2b2f51a331021f68ddd9501?s=96&d=mm&r=g\",\"url\":\"https:\\\/\\\/secure.gravatar.com\\\/avatar\\\/db0c72207267e5818f52d5e91e771f18bb2ea3e9b2b2f51a331021f68ddd9501?s=96&d=mm&r=g\",\"contentUrl\":\"https:\\\/\\\/secure.gravatar.com\\\/avatar\\\/db0c72207267e5818f52d5e91e771f18bb2ea3e9b2b2f51a331021f68ddd9501?s=96&d=mm&r=g\",\"caption\":\"Sabine Egger\"},\"description\":\"Sabine Egger ist Content Creator und schreibt Blogbeitr\u00e4ge f\u00fcr das Appartement Haus Bergland in S\u00f6ll. Sie ist ein begeisterter Fan dieses charmanten Aparthotels und der idyllischen Region Wilder Kaiser. In ihren Texten legt sie Wert darauf, das Lebensgef\u00fchl der Region Wilder Kaiser einzufangen, \u00fcber die Wanderungen und Aktivit\u00e4ten rund um S\u00f6ll zu berichten und Sie an Tiroler Traditionen und regionalen Rezepten teilhaben zu lassen.\",\"sameAs\":[\"https:\\\/\\\/www.etouristik.at\\\/\"],\"url\":\"https:\\\/\\\/www.dorfglueck-bergland.at\\\/en\\\/author\\\/sabine_etouristik\\\/\"}]}<\/script>\n<!-- \/ Yoast SEO plugin. -->","yoast_head_json":{"title":"M\u00e4rzPlus in the Apartment S\u00f6ll . in Holiday apartment Wilder Kaiser","description":"M\u00e4rzPlus Information at Appartement S\u00f6ll . The top vacation apartment on the Wilder Kaiser. You can find all the information about the campaign in March here.","robots":{"index":"noindex","follow":"follow","max-snippet":"max-snippet:-1","max-image-preview":"max-image-preview:large","max-video-preview":"max-video-preview:-1"},"og_locale":"en_US","og_type":"article","og_title":"M\u00e4rzPlus in the Apartment S\u00f6ll . in Holiday apartment Wilder Kaiser","og_description":"M\u00e4rzPlus Information at Appartement S\u00f6ll . The top vacation apartment on the Wilder Kaiser. You can find all the information about the campaign in March here.","og_url":"https:\/\/www.dorfglueck-bergland.at\/en\/maerzplus-in-the-wilder-kaiser-region-in-the-apartment-soell\/","og_site_name":"Bergland Dorfgl\u00fcck","article_published_time":"2025-02-20T20:50:11+00:00","article_modified_time":"2026-01-23T23:05:59+00:00","og_image":[{"width":1900,"height":907,"url":"https:\/\/www.dorfglueck-bergland.at\/wp-content\/uploads\/2022\/04\/Winterwandern_Ferienwohnung_Soell.jpg","type":"image\/jpeg"}],"author":"Sabine Egger","twitter_card":"summary_large_image","twitter_misc":{"Written by":"Sabine Egger","Est. reading time":"5 minutes"},"schema":{"@context":"https:\/\/schema.org","@graph":[{"@type":"Article","@id":"https:\/\/www.dorfglueck-bergland.at\/en\/maerzplus-in-the-wilder-kaiser-region-in-the-apartment-soell\/#article","isPartOf":{"@id":"https:\/\/www.dorfglueck-bergland.at\/en\/maerzplus-in-the-wilder-kaiser-region-in-the-apartment-soell\/"},"author":{"name":"Sabine Egger","@id":"https:\/\/www.dorfglueck-bergland.at\/en\/#\/schema\/person\/f33eb9ceda8c5e6b8b296daa5df7a96c"},"headline":"M\u00e4rzPlus in the Wilder Kaiser region in the Apartment S\u00f6ll","datePublished":"2025-02-20T20:50:11+00:00","dateModified":"2026-01-23T23:05:59+00:00","mainEntityOfPage":{"@id":"https:\/\/www.dorfglueck-bergland.at\/en\/maerzplus-in-the-wilder-kaiser-region-in-the-apartment-soell\/"},"wordCount":1478,"image":{"@id":"https:\/\/www.dorfglueck-bergland.at\/en\/maerzplus-in-the-wilder-kaiser-region-in-the-apartment-soell\/#primaryimage"},"thumbnailUrl":"https:\/\/www.dorfglueck-bergland.at\/wp-content\/uploads\/2022\/04\/Winterwandern_Ferienwohnung_Soell.jpg","articleSection":["Region","ski school"],"inLanguage":"en-US"},{"@type":"WebPage","@id":"https:\/\/www.dorfglueck-bergland.at\/en\/maerzplus-in-the-wilder-kaiser-region-in-the-apartment-soell\/","url":"https:\/\/www.dorfglueck-bergland.at\/en\/maerzplus-in-the-wilder-kaiser-region-in-the-apartment-soell\/","name":"M\u00e4rzPlus in the Apartment S\u00f6ll . in Holiday apartment Wilder Kaiser","isPartOf":{"@id":"https:\/\/www.dorfglueck-bergland.at\/en\/#website"},"primaryImageOfPage":{"@id":"https:\/\/www.dorfglueck-bergland.at\/en\/maerzplus-in-the-wilder-kaiser-region-in-the-apartment-soell\/#primaryimage"},"image":{"@id":"https:\/\/www.dorfglueck-bergland.at\/en\/maerzplus-in-the-wilder-kaiser-region-in-the-apartment-soell\/#primaryimage"},"thumbnailUrl":"https:\/\/www.dorfglueck-bergland.at\/wp-content\/uploads\/2022\/04\/Winterwandern_Ferienwohnung_Soell.jpg","datePublished":"2025-02-20T20:50:11+00:00","dateModified":"2026-01-23T23:05:59+00:00","author":{"@id":"https:\/\/www.dorfglueck-bergland.at\/en\/#\/schema\/person\/f33eb9ceda8c5e6b8b296daa5df7a96c"},"description":"M\u00e4rzPlus Information at Appartement S\u00f6ll . The top vacation apartment on the Wilder Kaiser. You can find all the information about the campaign in March here.","breadcrumb":{"@id":"https:\/\/www.dorfglueck-bergland.at\/en\/maerzplus-in-the-wilder-kaiser-region-in-the-apartment-soell\/#breadcrumb"},"inLanguage":"en-US","potentialAction":[{"@type":"ReadAction","target":["https:\/\/www.dorfglueck-bergland.at\/en\/maerzplus-in-the-wilder-kaiser-region-in-the-apartment-soell\/"]}]},{"@type":"ImageObject","inLanguage":"en-US","@id":"https:\/\/www.dorfglueck-bergland.at\/en\/maerzplus-in-the-wilder-kaiser-region-in-the-apartment-soell\/#primaryimage","url":"https:\/\/www.dorfglueck-bergland.at\/wp-content\/uploads\/2022\/04\/Winterwandern_Ferienwohnung_Soell.jpg","contentUrl":"https:\/\/www.dorfglueck-bergland.at\/wp-content\/uploads\/2022\/04\/Winterwandern_Ferienwohnung_Soell.jpg","width":1900,"height":907,"caption":"Photo: Winter hiking at the vacation apartment S\u00f6ll Wilder Kaiser Tirol Austria on a last minute vacation with dog"},{"@type":"BreadcrumbList","@id":"https:\/\/www.dorfglueck-bergland.at\/en\/maerzplus-in-the-wilder-kaiser-region-in-the-apartment-soell\/#breadcrumb","itemListElement":[{"@type":"ListItem","position":1,"name":"Startseite","item":"https:\/\/www.dorfglueck-bergland.at\/en\/"},{"@type":"ListItem","position":2,"name":"M\u00e4rzPlus in the Wilder Kaiser region in the Apartment S\u00f6ll"}]},{"@type":"WebSite","@id":"https:\/\/www.dorfglueck-bergland.at\/en\/#website","url":"https:\/\/www.dorfglueck-bergland.at\/en\/","name":"Bergland Dorfgl\u00fcck","description":"G\u00fcnstiges Hostel in S\u00f6ll am Wilden Kaiser","potentialAction":[{"@type":"SearchAction","target":{"@type":"EntryPoint","urlTemplate":"https:\/\/www.dorfglueck-bergland.at\/en\/?s={search_term_string}"},"query-input":{"@type":"PropertyValueSpecification","valueRequired":true,"valueName":"search_term_string"}}],"inLanguage":"en-US"},{"@type":"Person","@id":"https:\/\/www.dorfglueck-bergland.at\/en\/#\/schema\/person\/f33eb9ceda8c5e6b8b296daa5df7a96c","name":"Sabine Egger","image":{"@type":"ImageObject","inLanguage":"en-US","@id":"https:\/\/secure.gravatar.com\/avatar\/db0c72207267e5818f52d5e91e771f18bb2ea3e9b2b2f51a331021f68ddd9501?s=96&d=mm&r=g","url":"https:\/\/secure.gravatar.com\/avatar\/db0c72207267e5818f52d5e91e771f18bb2ea3e9b2b2f51a331021f68ddd9501?s=96&d=mm&r=g","contentUrl":"https:\/\/secure.gravatar.com\/avatar\/db0c72207267e5818f52d5e91e771f18bb2ea3e9b2b2f51a331021f68ddd9501?s=96&d=mm&r=g","caption":"Sabine Egger"},"description":"Sabine Egger ist Content Creator und schreibt Blogbeitr\u00e4ge f\u00fcr das Appartement Haus Bergland in S\u00f6ll. Sie ist ein begeisterter Fan dieses charmanten Aparthotels und der idyllischen Region Wilder Kaiser. In ihren Texten legt sie Wert darauf, das Lebensgef\u00fchl der Region Wilder Kaiser einzufangen, \u00fcber die Wanderungen und Aktivit\u00e4ten rund um S\u00f6ll zu berichten und Sie an Tiroler Traditionen und regionalen Rezepten teilhaben zu lassen.","sameAs":["https:\/\/www.etouristik.at\/"],"url":"https:\/\/www.dorfglueck-bergland.at\/en\/author\/sabine_etouristik\/"}]}},"_links":{"self":[{"href":"https:\/\/www.dorfglueck-bergland.at\/en\/wp-json\/wp\/v2\/posts\/11785","targetHints":{"allow":["GET"]}}],"collection":[{"href":"https:\/\/www.dorfglueck-bergland.at\/en\/wp-json\/wp\/v2\/posts"}],"about":[{"href":"https:\/\/www.dorfglueck-bergland.at\/en\/wp-json\/wp\/v2\/types\/post"}],"author":[{"embeddable":true,"href":"https:\/\/www.dorfglueck-bergland.at\/en\/wp-json\/wp\/v2\/users\/6"}],"replies":[{"embeddable":true,"href":"https:\/\/www.dorfglueck-bergland.at\/en\/wp-json\/wp\/v2\/comments?post=11785"}],"version-history":[{"count":5,"href":"https:\/\/www.dorfglueck-bergland.at\/en\/wp-json\/wp\/v2\/posts\/11785\/revisions"}],"predecessor-version":[{"id":14373,"href":"https:\/\/www.dorfglueck-bergland.at\/en\/wp-json\/wp\/v2\/posts\/11785\/revisions\/14373"}],"wp:featuredmedia":[{"embeddable":true,"href":"https:\/\/www.dorfglueck-bergland.at\/en\/wp-json\/wp\/v2\/media\/9194"}],"wp:attachment":[{"href":"https:\/\/www.dorfglueck-bergland.at\/en\/wp-json\/wp\/v2\/media?parent=11785"}],"wp:term":[{"taxonomy":"category","embeddable":true,"href":"https:\/\/www.dorfglueck-bergland.at\/en\/wp-json\/wp\/v2\/categories?post=11785"},{"taxonomy":"post_tag","embeddable":true,"href":"https:\/\/www.dorfglueck-bergland.at\/en\/wp-json\/wp\/v2\/tags?post=11785"}],"curies":[{"name":"wp","href":"https:\/\/api.w.org\/{rel}","templated":true}]}}