{"id":11618,"date":"2025-01-21T21:06:06","date_gmt":"2025-01-21T21:06:06","guid":{"rendered":"https:\/\/www.dorfglueck-bergland.at\/palm-sunday-at-the-wilder-kaiser-by-holiday-apartment-soell\/"},"modified":"2026-01-23T23:23:29","modified_gmt":"2026-01-23T23:23:29","slug":"palm-sunday-at-the-wilder-kaiser-by-holiday-apartment-soell","status":"publish","type":"post","link":"https:\/\/www.dorfglueck-bergland.at\/en\/palm-sunday-at-the-wilder-kaiser-by-holiday-apartment-soell\/","title":{"rendered":"Palm Sunday at the Wilder Kaiser . by Holiday apartment S\u00f6ll"},"content":{"rendered":"<div class=\"fusion-fullwidth fullwidth-box fusion-builder-row-1 fusion-flex-container nonhundred-percent-fullwidth non-hundred-percent-height-scrolling gradient-container-1\" style=\"--awb-border-radius-top-left:0px;--awb-border-radius-top-right:0px;--awb-border-radius-bottom-right:0px;--awb-border-radius-bottom-left:0px;--awb-overflow:visible;--awb-padding-top-small:0px;--awb-padding-right-small:15px;--awb-padding-bottom-small:0px;--awb-padding-left-small:15px;--awb-flex-wrap:wrap;\" ><div class=\"fusion-builder-row fusion-row fusion-flex-align-items-flex-start fusion-flex-content-wrap\" style=\"max-width:1216.8px;margin-left: calc(-4% \/ 2 );margin-right: calc(-4% \/ 2 );\"><div class=\"fusion-layout-column fusion_builder_column fusion-builder-column-0 fusion_builder_column_1_1 1_1 fusion-flex-column fusion-flex-align-self-flex-start fusion-column-no-min-height\" style=\"--awb-bg-blend:overlay;--awb-bg-size:cover;--awb-width-large:100%;--awb-margin-top-large:0px;--awb-spacing-right-large:1.92%;--awb-margin-bottom-large:0px;--awb-spacing-left-large:1.92%;--awb-width-medium:100%;--awb-spacing-right-medium:1.92%;--awb-spacing-left-medium:1.92%;--awb-width-small:100%;--awb-spacing-right-small:1.92%;--awb-spacing-left-small:1.92%;\"><div class=\"fusion-column-wrapper fusion-flex-justify-content-flex-start fusion-content-layout-column\"><div class=\"fusion-title title fusion-title-1 fusion-sep-none fusion-title-text fusion-title-size-one\" style=\"--awb-text-color:var(--awb-color5);--awb-margin-top-small:0px;--awb-margin-right-small:0px;--awb-margin-bottom-small:20px;--awb-margin-left-small:0px;--awb-font-size:45px;\"><h1 class=\"fusion-title-heading title-heading-left fusion-responsive-typography-calculated\" style=\"font-family:var(--awb-typography1-font-family);font-weight:var(--awb-typography1-font-weight);font-style:var(--awb-typography1-font-style);margin:0;letter-spacing:var(--awb-typography1-letter-spacing);font-size:1em;--fontSize:45;line-height:var(--awb-typography1-line-height);\"><\/h1><\/div><div class=\"fusion-text fusion-text-1\" style=\"--awb-text-transform:none;\"><h1><span style=\"color: #127b7f;\">Palm Sunday at the Wilder Kaiser .  <\/span><span style=\"color: #127b7f;\">by Bergland vacation apartment S\u00f6ll<\/span><\/h1>\n<p>In the picturesque villages of Tyrol, Palm Sunday begins not only with the sound of church bells, but also with a smile and a loving tease. The last person to leave the bed receives the mischievous title of &#8220;Palmesel&#8221;. But this nickname quickly fades in the face of the anticipation of what the day will bring.<\/p>\n<h2><span style=\"color: #127b7f;\">Between tradition and cheerfulness:<\/span><\/h2>\n<p>Here in S\u00f6ll, Palm Sunday is much more than just a day in the calendar; it is a living mosaic of tradition, community and joy. The streets and church squares of Tyrol are filled with families preparing for the processions. The palm leaf is a central component &#8230; artfully tied bouquets of palm catkins and beech branches, which are tied the day before and decorated with colorful ribbons and sweet pretzels.<\/p>\n<p>While the girls proudly carry their palm bushes on Palm Sunday, the boys raise their palm leaves high into the air. These are often an impressive spectacle: in places like Imst, competitions are held for the longest palm slat, sometimes reaching incredible lengths of up to 35 meters and requiring the strength of up to 30 young men!<\/p>\n<h2><span style=\"color: #127b7f;\">The tying of the palm bush:<\/span><\/h2>\n<p>Tying the palm bush is an act of devotion and creative expression. Palm catkins are woven with green beech branches and colorful ribbons to create a symbol of life and hope. These lovingly crafted bushes are then consecrated in church on Sunday and serve as protection for the house and farm throughout the year.<\/p>\n<p>After mass, the families gather for breakfast or lunch together. Of course, one thing should not be missing: home-baked palm pretzels. These delicious treats, made from simple but lovingly put together ingredients, are an integral part of this special day. Here at Appartement Haus Bergland, your luxury vacation apartment in S\u00f6ll, we have put together a delicious recipe for you:<\/p>\n<h2><span style=\"color: #127b7f;\">Recipe for Tyrolean palm pretzels:<\/span><\/h2>\n<p>An indispensable part of Palm Sunday in Tyrol are the home-baked palm pretzels, which are both a delight for the palate and part of the traditional customs. Here is a simple but delicious recipe for baking these tasty pretzels yourself.<\/p>\n<h3><span style=\"color: #127b7f;\">Ingredients:<\/span><\/h3>\n<p>300 g plain flour<br \/>\n75 g soft butter<br \/>\n125 ml lukewarm milk<br \/>\n50 g sugar<br \/>\nA little vanillin<br \/>\n1 packet of dry yeast<br \/>\n1 pinch of salt<\/p>\n<h3><span style=\"color: #127b7f;\">Preparation:<\/span><\/h3>\n<p>Start by placing all the ingredients in a bowl. Use a food processor with a dough hook to process them into a smooth dough.<br \/>\nDivide the dough into 16 equal portions and shape into balls. Roll each ball into a long sausage with the heel of your hand.<br \/>\nShape the dough sausages into small pretzels and place them on a baking tray lined with baking paper.<br \/>\nBrush the pretzels with a little beaten egg to give them a nice shine.<br \/>\nBake the pretzels in a preheated oven at 180 \u00b0C for about 15 minutes until they are golden brown.<br \/>\nEnjoy these delicious Palm Sunday pretzels after Palm Sunday Mass with a cup of tea or coffee and share them with your family and friends. They are not only a delicious treat, but also a symbolic expression of Alpine hospitality and tradition.<\/p>\n<h3>This is how Palm Sunday is experienced in Tyrol: a celebration of community, joy and faith, rooted in ancient tradition and yet full of joie de vivre. It is a day that brings people&#8217;s hearts together and heralds the warmth of the upcoming Easter holidays.<\/h3>\n<p><em>Source for the story:<\/em><br \/>\n<em><a href=\"https:\/\/www.tirol.at\/blog\/b-kulturleben\/wie-ihr-beim-eierpecken-gewinnt-und-kein-palmesel-werdet-tirols-eigenwillige-osterbraeuche\" target=\"_blank\" rel=\"noopener\">https:\/\/www.tirol.at\/blog\/b-kulturleben\/wie-ihr-beim-eierpecken-gewinnt-und-kein-palmesel-werdet-tirols-eigenwillige-osterbraeuche<\/a><\/em><\/p>\n<\/div><div class=\"fusion-text fusion-text-2\" style=\"--awb-font-size:var(--awb-typography4-font-size);--awb-line-height:var(--awb-typography4-line-height);--awb-letter-spacing:var(--awb-typography4-letter-spacing);--awb-text-transform:var(--awb-typography4-text-transform);--awb-text-font-family:var(--awb-typography4-font-family);--awb-text-font-weight:var(--awb-typography4-font-weight);--awb-text-font-style:var(--awb-typography4-font-style);\"><\/div><\/div><\/div><div class=\"fusion-layout-column fusion_builder_column fusion-builder-column-1 fusion_builder_column_1_1 1_1 fusion-flex-column fusion-flex-align-self-flex-start fusion-column-no-min-height\" style=\"--awb-bg-blend:overlay;--awb-bg-size:cover;--awb-width-large:100%;--awb-margin-top-large:0px;--awb-spacing-right-large:1.92%;--awb-margin-bottom-large:0px;--awb-spacing-left-large:1.92%;--awb-width-medium:100%;--awb-spacing-right-medium:1.92%;--awb-spacing-left-medium:1.92%;--awb-width-small:100%;--awb-spacing-right-small:1.92%;--awb-spacing-left-small:1.92%;\"><div class=\"fusion-column-wrapper fusion-flex-justify-content-flex-start fusion-content-layout-column\"><div class=\"fusion-text fusion-text-3\" style=\"--awb-text-transform:none;\"><\/div><\/div><\/div><\/div><\/div>\n","protected":false},"excerpt":{"rendered":"","protected":false},"author":6,"featured_media":11022,"comment_status":"closed","ping_status":"open","sticky":false,"template":"","format":"standard","meta":{"footnotes":""},"categories":[82,95],"tags":[],"class_list":["post-11618","post","type-post","status-publish","format-standard","has-post-thumbnail","hentry","category-bergland-en","category-region-en"],"yoast_head":"<!-- This site is optimized with the Yoast SEO plugin v27.5 - https:\/\/yoast.com\/product\/yoast-seo-wordpress\/ -->\n<title>Palm Sunday on the Wilder Kaiser . by Holiday apartment S\u00f6ll<\/title>\n<meta name=\"description\" content=\"Palm bush tying, the tradition on Palm Sunday + pretzel recipe from your vacation apartment S\u00f6ll and Appartement Wilder Kaiser\" \/>\n<meta name=\"robots\" content=\"noindex, follow, max-snippet:-1, max-image-preview:large, max-video-preview:-1\" \/>\n<meta property=\"og:locale\" content=\"en_US\" \/>\n<meta property=\"og:type\" content=\"article\" \/>\n<meta property=\"og:title\" content=\"Palm Sunday on the Wilder Kaiser . by Holiday apartment S\u00f6ll\" \/>\n<meta property=\"og:description\" content=\"Palm bush tying, the tradition on Palm Sunday + pretzel recipe from your vacation apartment S\u00f6ll and Appartement Wilder Kaiser\" \/>\n<meta property=\"og:url\" content=\"https:\/\/www.dorfglueck-bergland.at\/en\/palm-sunday-at-the-wilder-kaiser-by-holiday-apartment-soell\/\" \/>\n<meta property=\"og:site_name\" content=\"Bergland Dorfgl\u00fcck\" \/>\n<meta property=\"article:published_time\" content=\"2025-01-21T21:06:06+00:00\" \/>\n<meta property=\"article:modified_time\" content=\"2026-01-23T23:23:29+00:00\" \/>\n<meta property=\"og:image\" content=\"https:\/\/www.dorfglueck-bergland.at\/wp-content\/uploads\/2024\/01\/2024_01_PalmsonntagBrezel.jpg\" \/>\n\t<meta property=\"og:image:width\" content=\"1950\" \/>\n\t<meta property=\"og:image:height\" content=\"1200\" \/>\n\t<meta property=\"og:image:type\" content=\"image\/jpeg\" \/>\n<meta name=\"author\" content=\"Sabine Egger\" \/>\n<meta name=\"twitter:card\" content=\"summary_large_image\" \/>\n<meta name=\"twitter:label1\" content=\"Written by\" \/>\n\t<meta name=\"twitter:data1\" content=\"Sabine Egger\" \/>\n\t<meta name=\"twitter:label2\" content=\"Est. reading time\" \/>\n\t<meta name=\"twitter:data2\" content=\"8 minutes\" \/>\n<script type=\"application\/ld+json\" class=\"yoast-schema-graph\">{\"@context\":\"https:\\\/\\\/schema.org\",\"@graph\":[{\"@type\":\"Article\",\"@id\":\"https:\\\/\\\/www.dorfglueck-bergland.at\\\/en\\\/palm-sunday-at-the-wilder-kaiser-by-holiday-apartment-soell\\\/#article\",\"isPartOf\":{\"@id\":\"https:\\\/\\\/www.dorfglueck-bergland.at\\\/en\\\/palm-sunday-at-the-wilder-kaiser-by-holiday-apartment-soell\\\/\"},\"author\":{\"name\":\"Sabine Egger\",\"@id\":\"https:\\\/\\\/www.dorfglueck-bergland.at\\\/en\\\/#\\\/schema\\\/person\\\/f33eb9ceda8c5e6b8b296daa5df7a96c\"},\"headline\":\"Palm Sunday at the Wilder Kaiser . by Holiday apartment S\u00f6ll\",\"datePublished\":\"2025-01-21T21:06:06+00:00\",\"dateModified\":\"2026-01-23T23:23:29+00:00\",\"mainEntityOfPage\":{\"@id\":\"https:\\\/\\\/www.dorfglueck-bergland.at\\\/en\\\/palm-sunday-at-the-wilder-kaiser-by-holiday-apartment-soell\\\/\"},\"wordCount\":1541,\"image\":{\"@id\":\"https:\\\/\\\/www.dorfglueck-bergland.at\\\/en\\\/palm-sunday-at-the-wilder-kaiser-by-holiday-apartment-soell\\\/#primaryimage\"},\"thumbnailUrl\":\"https:\\\/\\\/www.dorfglueck-bergland.at\\\/wp-content\\\/uploads\\\/2024\\\/01\\\/2024_01_PalmsonntagBrezel.jpg\",\"articleSection\":[\"Bergland\",\"Region\"],\"inLanguage\":\"en-US\"},{\"@type\":\"WebPage\",\"@id\":\"https:\\\/\\\/www.dorfglueck-bergland.at\\\/en\\\/palm-sunday-at-the-wilder-kaiser-by-holiday-apartment-soell\\\/\",\"url\":\"https:\\\/\\\/www.dorfglueck-bergland.at\\\/en\\\/palm-sunday-at-the-wilder-kaiser-by-holiday-apartment-soell\\\/\",\"name\":\"Palm Sunday on the Wilder Kaiser . by Holiday apartment S\u00f6ll\",\"isPartOf\":{\"@id\":\"https:\\\/\\\/www.dorfglueck-bergland.at\\\/en\\\/#website\"},\"primaryImageOfPage\":{\"@id\":\"https:\\\/\\\/www.dorfglueck-bergland.at\\\/en\\\/palm-sunday-at-the-wilder-kaiser-by-holiday-apartment-soell\\\/#primaryimage\"},\"image\":{\"@id\":\"https:\\\/\\\/www.dorfglueck-bergland.at\\\/en\\\/palm-sunday-at-the-wilder-kaiser-by-holiday-apartment-soell\\\/#primaryimage\"},\"thumbnailUrl\":\"https:\\\/\\\/www.dorfglueck-bergland.at\\\/wp-content\\\/uploads\\\/2024\\\/01\\\/2024_01_PalmsonntagBrezel.jpg\",\"datePublished\":\"2025-01-21T21:06:06+00:00\",\"dateModified\":\"2026-01-23T23:23:29+00:00\",\"author\":{\"@id\":\"https:\\\/\\\/www.dorfglueck-bergland.at\\\/en\\\/#\\\/schema\\\/person\\\/f33eb9ceda8c5e6b8b296daa5df7a96c\"},\"description\":\"Palm bush tying, the tradition on Palm Sunday + pretzel recipe from your vacation apartment S\u00f6ll and Appartement Wilder Kaiser\",\"breadcrumb\":{\"@id\":\"https:\\\/\\\/www.dorfglueck-bergland.at\\\/en\\\/palm-sunday-at-the-wilder-kaiser-by-holiday-apartment-soell\\\/#breadcrumb\"},\"inLanguage\":\"en-US\",\"potentialAction\":[{\"@type\":\"ReadAction\",\"target\":[\"https:\\\/\\\/www.dorfglueck-bergland.at\\\/en\\\/palm-sunday-at-the-wilder-kaiser-by-holiday-apartment-soell\\\/\"]}]},{\"@type\":\"ImageObject\",\"inLanguage\":\"en-US\",\"@id\":\"https:\\\/\\\/www.dorfglueck-bergland.at\\\/en\\\/palm-sunday-at-the-wilder-kaiser-by-holiday-apartment-soell\\\/#primaryimage\",\"url\":\"https:\\\/\\\/www.dorfglueck-bergland.at\\\/wp-content\\\/uploads\\\/2024\\\/01\\\/2024_01_PalmsonntagBrezel.jpg\",\"contentUrl\":\"https:\\\/\\\/www.dorfglueck-bergland.at\\\/wp-content\\\/uploads\\\/2024\\\/01\\\/2024_01_PalmsonntagBrezel.jpg\",\"width\":1950,\"height\":1200,\"caption\":\"Photo: Easter arrangement from the apartment house of your vacation apartment on vacation with dog in S\u00f6ll Wilder Kaiser Tirol Austria.\"},{\"@type\":\"BreadcrumbList\",\"@id\":\"https:\\\/\\\/www.dorfglueck-bergland.at\\\/en\\\/palm-sunday-at-the-wilder-kaiser-by-holiday-apartment-soell\\\/#breadcrumb\",\"itemListElement\":[{\"@type\":\"ListItem\",\"position\":1,\"name\":\"Startseite\",\"item\":\"https:\\\/\\\/www.dorfglueck-bergland.at\\\/en\\\/\"},{\"@type\":\"ListItem\",\"position\":2,\"name\":\"Palm Sunday at the Wilder Kaiser . by Holiday apartment S\u00f6ll\"}]},{\"@type\":\"WebSite\",\"@id\":\"https:\\\/\\\/www.dorfglueck-bergland.at\\\/en\\\/#website\",\"url\":\"https:\\\/\\\/www.dorfglueck-bergland.at\\\/en\\\/\",\"name\":\"Bergland Dorfgl\u00fcck\",\"description\":\"G\u00fcnstiges Hostel in S\u00f6ll am Wilden Kaiser\",\"potentialAction\":[{\"@type\":\"SearchAction\",\"target\":{\"@type\":\"EntryPoint\",\"urlTemplate\":\"https:\\\/\\\/www.dorfglueck-bergland.at\\\/en\\\/?s={search_term_string}\"},\"query-input\":{\"@type\":\"PropertyValueSpecification\",\"valueRequired\":true,\"valueName\":\"search_term_string\"}}],\"inLanguage\":\"en-US\"},{\"@type\":\"Person\",\"@id\":\"https:\\\/\\\/www.dorfglueck-bergland.at\\\/en\\\/#\\\/schema\\\/person\\\/f33eb9ceda8c5e6b8b296daa5df7a96c\",\"name\":\"Sabine Egger\",\"image\":{\"@type\":\"ImageObject\",\"inLanguage\":\"en-US\",\"@id\":\"https:\\\/\\\/secure.gravatar.com\\\/avatar\\\/db0c72207267e5818f52d5e91e771f18bb2ea3e9b2b2f51a331021f68ddd9501?s=96&d=mm&r=g\",\"url\":\"https:\\\/\\\/secure.gravatar.com\\\/avatar\\\/db0c72207267e5818f52d5e91e771f18bb2ea3e9b2b2f51a331021f68ddd9501?s=96&d=mm&r=g\",\"contentUrl\":\"https:\\\/\\\/secure.gravatar.com\\\/avatar\\\/db0c72207267e5818f52d5e91e771f18bb2ea3e9b2b2f51a331021f68ddd9501?s=96&d=mm&r=g\",\"caption\":\"Sabine Egger\"},\"description\":\"Sabine Egger ist Content Creator und schreibt Blogbeitr\u00e4ge f\u00fcr das Appartement Haus Bergland in S\u00f6ll. Sie ist ein begeisterter Fan dieses charmanten Aparthotels und der idyllischen Region Wilder Kaiser. In ihren Texten legt sie Wert darauf, das Lebensgef\u00fchl der Region Wilder Kaiser einzufangen, \u00fcber die Wanderungen und Aktivit\u00e4ten rund um S\u00f6ll zu berichten und Sie an Tiroler Traditionen und regionalen Rezepten teilhaben zu lassen.\",\"sameAs\":[\"https:\\\/\\\/www.etouristik.at\\\/\"],\"url\":\"https:\\\/\\\/www.dorfglueck-bergland.at\\\/en\\\/author\\\/sabine_etouristik\\\/\"}]}<\/script>\n<!-- \/ Yoast SEO plugin. -->","yoast_head_json":{"title":"Palm Sunday on the Wilder Kaiser . by Holiday apartment S\u00f6ll","description":"Palm bush tying, the tradition on Palm Sunday + pretzel recipe from your vacation apartment S\u00f6ll and Appartement Wilder Kaiser","robots":{"index":"noindex","follow":"follow","max-snippet":"max-snippet:-1","max-image-preview":"max-image-preview:large","max-video-preview":"max-video-preview:-1"},"og_locale":"en_US","og_type":"article","og_title":"Palm Sunday on the Wilder Kaiser . by Holiday apartment S\u00f6ll","og_description":"Palm bush tying, the tradition on Palm Sunday + pretzel recipe from your vacation apartment S\u00f6ll and Appartement Wilder Kaiser","og_url":"https:\/\/www.dorfglueck-bergland.at\/en\/palm-sunday-at-the-wilder-kaiser-by-holiday-apartment-soell\/","og_site_name":"Bergland Dorfgl\u00fcck","article_published_time":"2025-01-21T21:06:06+00:00","article_modified_time":"2026-01-23T23:23:29+00:00","og_image":[{"width":1950,"height":1200,"url":"https:\/\/www.dorfglueck-bergland.at\/wp-content\/uploads\/2024\/01\/2024_01_PalmsonntagBrezel.jpg","type":"image\/jpeg"}],"author":"Sabine Egger","twitter_card":"summary_large_image","twitter_misc":{"Written by":"Sabine Egger","Est. reading time":"8 minutes"},"schema":{"@context":"https:\/\/schema.org","@graph":[{"@type":"Article","@id":"https:\/\/www.dorfglueck-bergland.at\/en\/palm-sunday-at-the-wilder-kaiser-by-holiday-apartment-soell\/#article","isPartOf":{"@id":"https:\/\/www.dorfglueck-bergland.at\/en\/palm-sunday-at-the-wilder-kaiser-by-holiday-apartment-soell\/"},"author":{"name":"Sabine Egger","@id":"https:\/\/www.dorfglueck-bergland.at\/en\/#\/schema\/person\/f33eb9ceda8c5e6b8b296daa5df7a96c"},"headline":"Palm Sunday at the Wilder Kaiser . by Holiday apartment S\u00f6ll","datePublished":"2025-01-21T21:06:06+00:00","dateModified":"2026-01-23T23:23:29+00:00","mainEntityOfPage":{"@id":"https:\/\/www.dorfglueck-bergland.at\/en\/palm-sunday-at-the-wilder-kaiser-by-holiday-apartment-soell\/"},"wordCount":1541,"image":{"@id":"https:\/\/www.dorfglueck-bergland.at\/en\/palm-sunday-at-the-wilder-kaiser-by-holiday-apartment-soell\/#primaryimage"},"thumbnailUrl":"https:\/\/www.dorfglueck-bergland.at\/wp-content\/uploads\/2024\/01\/2024_01_PalmsonntagBrezel.jpg","articleSection":["Bergland","Region"],"inLanguage":"en-US"},{"@type":"WebPage","@id":"https:\/\/www.dorfglueck-bergland.at\/en\/palm-sunday-at-the-wilder-kaiser-by-holiday-apartment-soell\/","url":"https:\/\/www.dorfglueck-bergland.at\/en\/palm-sunday-at-the-wilder-kaiser-by-holiday-apartment-soell\/","name":"Palm Sunday on the Wilder Kaiser . by Holiday apartment S\u00f6ll","isPartOf":{"@id":"https:\/\/www.dorfglueck-bergland.at\/en\/#website"},"primaryImageOfPage":{"@id":"https:\/\/www.dorfglueck-bergland.at\/en\/palm-sunday-at-the-wilder-kaiser-by-holiday-apartment-soell\/#primaryimage"},"image":{"@id":"https:\/\/www.dorfglueck-bergland.at\/en\/palm-sunday-at-the-wilder-kaiser-by-holiday-apartment-soell\/#primaryimage"},"thumbnailUrl":"https:\/\/www.dorfglueck-bergland.at\/wp-content\/uploads\/2024\/01\/2024_01_PalmsonntagBrezel.jpg","datePublished":"2025-01-21T21:06:06+00:00","dateModified":"2026-01-23T23:23:29+00:00","author":{"@id":"https:\/\/www.dorfglueck-bergland.at\/en\/#\/schema\/person\/f33eb9ceda8c5e6b8b296daa5df7a96c"},"description":"Palm bush tying, the tradition on Palm Sunday + pretzel recipe from your vacation apartment S\u00f6ll and Appartement Wilder Kaiser","breadcrumb":{"@id":"https:\/\/www.dorfglueck-bergland.at\/en\/palm-sunday-at-the-wilder-kaiser-by-holiday-apartment-soell\/#breadcrumb"},"inLanguage":"en-US","potentialAction":[{"@type":"ReadAction","target":["https:\/\/www.dorfglueck-bergland.at\/en\/palm-sunday-at-the-wilder-kaiser-by-holiday-apartment-soell\/"]}]},{"@type":"ImageObject","inLanguage":"en-US","@id":"https:\/\/www.dorfglueck-bergland.at\/en\/palm-sunday-at-the-wilder-kaiser-by-holiday-apartment-soell\/#primaryimage","url":"https:\/\/www.dorfglueck-bergland.at\/wp-content\/uploads\/2024\/01\/2024_01_PalmsonntagBrezel.jpg","contentUrl":"https:\/\/www.dorfglueck-bergland.at\/wp-content\/uploads\/2024\/01\/2024_01_PalmsonntagBrezel.jpg","width":1950,"height":1200,"caption":"Photo: Easter arrangement from the apartment house of your vacation apartment on vacation with dog in S\u00f6ll Wilder Kaiser Tirol Austria."},{"@type":"BreadcrumbList","@id":"https:\/\/www.dorfglueck-bergland.at\/en\/palm-sunday-at-the-wilder-kaiser-by-holiday-apartment-soell\/#breadcrumb","itemListElement":[{"@type":"ListItem","position":1,"name":"Startseite","item":"https:\/\/www.dorfglueck-bergland.at\/en\/"},{"@type":"ListItem","position":2,"name":"Palm Sunday at the Wilder Kaiser . by Holiday apartment S\u00f6ll"}]},{"@type":"WebSite","@id":"https:\/\/www.dorfglueck-bergland.at\/en\/#website","url":"https:\/\/www.dorfglueck-bergland.at\/en\/","name":"Bergland Dorfgl\u00fcck","description":"G\u00fcnstiges Hostel in S\u00f6ll am Wilden Kaiser","potentialAction":[{"@type":"SearchAction","target":{"@type":"EntryPoint","urlTemplate":"https:\/\/www.dorfglueck-bergland.at\/en\/?s={search_term_string}"},"query-input":{"@type":"PropertyValueSpecification","valueRequired":true,"valueName":"search_term_string"}}],"inLanguage":"en-US"},{"@type":"Person","@id":"https:\/\/www.dorfglueck-bergland.at\/en\/#\/schema\/person\/f33eb9ceda8c5e6b8b296daa5df7a96c","name":"Sabine Egger","image":{"@type":"ImageObject","inLanguage":"en-US","@id":"https:\/\/secure.gravatar.com\/avatar\/db0c72207267e5818f52d5e91e771f18bb2ea3e9b2b2f51a331021f68ddd9501?s=96&d=mm&r=g","url":"https:\/\/secure.gravatar.com\/avatar\/db0c72207267e5818f52d5e91e771f18bb2ea3e9b2b2f51a331021f68ddd9501?s=96&d=mm&r=g","contentUrl":"https:\/\/secure.gravatar.com\/avatar\/db0c72207267e5818f52d5e91e771f18bb2ea3e9b2b2f51a331021f68ddd9501?s=96&d=mm&r=g","caption":"Sabine Egger"},"description":"Sabine Egger ist Content Creator und schreibt Blogbeitr\u00e4ge f\u00fcr das Appartement Haus Bergland in S\u00f6ll. Sie ist ein begeisterter Fan dieses charmanten Aparthotels und der idyllischen Region Wilder Kaiser. In ihren Texten legt sie Wert darauf, das Lebensgef\u00fchl der Region Wilder Kaiser einzufangen, \u00fcber die Wanderungen und Aktivit\u00e4ten rund um S\u00f6ll zu berichten und Sie an Tiroler Traditionen und regionalen Rezepten teilhaben zu lassen.","sameAs":["https:\/\/www.etouristik.at\/"],"url":"https:\/\/www.dorfglueck-bergland.at\/en\/author\/sabine_etouristik\/"}]}},"_links":{"self":[{"href":"https:\/\/www.dorfglueck-bergland.at\/en\/wp-json\/wp\/v2\/posts\/11618","targetHints":{"allow":["GET"]}}],"collection":[{"href":"https:\/\/www.dorfglueck-bergland.at\/en\/wp-json\/wp\/v2\/posts"}],"about":[{"href":"https:\/\/www.dorfglueck-bergland.at\/en\/wp-json\/wp\/v2\/types\/post"}],"author":[{"embeddable":true,"href":"https:\/\/www.dorfglueck-bergland.at\/en\/wp-json\/wp\/v2\/users\/6"}],"replies":[{"embeddable":true,"href":"https:\/\/www.dorfglueck-bergland.at\/en\/wp-json\/wp\/v2\/comments?post=11618"}],"version-history":[{"count":14,"href":"https:\/\/www.dorfglueck-bergland.at\/en\/wp-json\/wp\/v2\/posts\/11618\/revisions"}],"predecessor-version":[{"id":14387,"href":"https:\/\/www.dorfglueck-bergland.at\/en\/wp-json\/wp\/v2\/posts\/11618\/revisions\/14387"}],"wp:featuredmedia":[{"embeddable":true,"href":"https:\/\/www.dorfglueck-bergland.at\/en\/wp-json\/wp\/v2\/media\/11022"}],"wp:attachment":[{"href":"https:\/\/www.dorfglueck-bergland.at\/en\/wp-json\/wp\/v2\/media?parent=11618"}],"wp:term":[{"taxonomy":"category","embeddable":true,"href":"https:\/\/www.dorfglueck-bergland.at\/en\/wp-json\/wp\/v2\/categories?post=11618"},{"taxonomy":"post_tag","embeddable":true,"href":"https:\/\/www.dorfglueck-bergland.at\/en\/wp-json\/wp\/v2\/tags?post=11618"}],"curies":[{"name":"wp","href":"https:\/\/api.w.org\/{rel}","templated":true}]}}