{"id":10322,"date":"2025-01-21T21:10:50","date_gmt":"2025-01-21T21:10:50","guid":{"rendered":"https:\/\/www.dorfglueck-bergland.at\/?p=10322"},"modified":"2026-01-23T23:23:27","modified_gmt":"2026-01-23T23:23:27","slug":"enchanting-hike-to-the-walleralm","status":"publish","type":"post","link":"https:\/\/www.dorfglueck-bergland.at\/en\/enchanting-hike-to-the-walleralm\/","title":{"rendered":"Enchanting hike to the Walleralm"},"content":{"rendered":"<div class=\"fusion-fullwidth fullwidth-box fusion-builder-row-1 fusion-flex-container nonhundred-percent-fullwidth non-hundred-percent-height-scrolling gradient-container-1\" style=\"--awb-border-radius-top-left:0px;--awb-border-radius-top-right:0px;--awb-border-radius-bottom-right:0px;--awb-border-radius-bottom-left:0px;--awb-overflow:visible;--awb-padding-top-small:0px;--awb-padding-right-small:15px;--awb-padding-bottom-small:0px;--awb-padding-left-small:15px;--awb-flex-wrap:wrap;\" ><div class=\"fusion-builder-row fusion-row fusion-flex-align-items-flex-start fusion-flex-content-wrap\" style=\"max-width:1216.8px;margin-left: calc(-4% \/ 2 );margin-right: calc(-4% \/ 2 );\"><div class=\"fusion-layout-column fusion_builder_column fusion-builder-column-0 fusion_builder_column_1_1 1_1 fusion-flex-column fusion-flex-align-self-flex-start fusion-column-no-min-height\" style=\"--awb-bg-blend:overlay;--awb-bg-size:cover;--awb-width-large:100%;--awb-margin-top-large:0px;--awb-spacing-right-large:1.92%;--awb-margin-bottom-large:0px;--awb-spacing-left-large:1.92%;--awb-width-medium:100%;--awb-spacing-right-medium:1.92%;--awb-spacing-left-medium:1.92%;--awb-width-small:100%;--awb-spacing-right-small:1.92%;--awb-spacing-left-small:1.92%;\"><div class=\"fusion-column-wrapper fusion-flex-justify-content-flex-start fusion-content-layout-column\"><div class=\"fusion-title title fusion-title-1 fusion-sep-none fusion-title-text fusion-title-size-one\" style=\"--awb-text-color:var(--awb-color5);--awb-margin-top-small:0px;--awb-margin-right-small:0px;--awb-margin-bottom-small:20px;--awb-margin-left-small:0px;--awb-font-size:45px;\"><h1 class=\"fusion-title-heading title-heading-left fusion-responsive-typography-calculated\" style=\"font-family:var(--awb-typography1-font-family);font-weight:var(--awb-typography1-font-weight);font-style:var(--awb-typography1-font-style);margin:0;letter-spacing:var(--awb-typography1-letter-spacing);font-size:1em;--fontSize:45;line-height:var(--awb-typography1-line-height);\">Enchanting hike to the Walleralm<\/h1><\/div><div class=\"fusion-text fusion-text-1\" style=\"--awb-text-transform:none;\"><p>The heat of midsummer is over. The air in the shade has already become noticeably cooler, but the sun in S\u00f6ll still has power!<\/p>\n<p>A glance at the landscape reveals the first harbingers of autumn. It&#8217;s the ideal time for hiking and discovering nature in our beautiful surroundings! After enjoying a restful night in your vacation apartment in the heart of S\u00f6lle and fortifying yourself with our hearty breakfast buffet, it&#8217;s time to head up into the mountains!<\/p>\n<h3><span style=\"color: #127b7f;\">Head up the mountains and experience the diversity of nature<\/span><\/h3>\n<p>We at Aparthotel Bergland, your vacation apartment in S\u00f6ll, would like to introduce you to a particularly attractive hiking route today: the hike to the Walleralm.<\/p>\n<p>This tour is one of the most beautiful circular hikes in the Wilder Kaiser region &#8211; our varied nature shows its best side with the idyllic Hintersteiner See lake, the green or autumnal forests and the flowering alpine meadows!<\/p>\n<\/div><div class=\"fusion-text fusion-text-2\" style=\"--awb-font-size:var(--awb-typography4-font-size);--awb-line-height:var(--awb-typography4-line-height);--awb-letter-spacing:var(--awb-typography4-letter-spacing);--awb-text-transform:var(--awb-typography4-text-transform);--awb-text-font-family:var(--awb-typography4-font-family);--awb-text-font-weight:var(--awb-typography4-font-weight);--awb-text-font-style:var(--awb-typography4-font-style);\"><h3><span style=\"color: #127b7f;\">First of all, a few key data:<\/span><\/h3>\n<ul>\n<li>The total duration of the hike is around 3 \u00bc hours.<\/li>\n<li>The distance to be covered is 9.2 km.<\/li>\n<li>There are 380 meters of altitude to overcome.<\/li>\n<li>The highest point of the tour is at 1,199 m above sea level.<\/li>\n<\/ul>\n<p>Further information can be found in the detailed description of the <a href=\"https:\/\/www.wilderkaiser.info\/de\/tours\/vom-hintersteiner-see-auf-die-walleralm.html\" target=\"_blank\" rel=\"noopener\">Wilder Kaiser region<\/a>.<\/p>\n<\/div><div style=\"text-align:center;\"><a class=\"fusion-button button-flat fusion-button-default-size button-custom fusion-button-default button-1 fusion-button-default-span fusion-button-default-type\" style=\"--button_accent_color:hsla(var(--awb-color1-h),var(--awb-color1-s),var(--awb-color1-l),calc( var(--awb-color1-a) - 25% ));--button_accent_hover_color:hsla(var(--awb-color1-h),var(--awb-color1-s),var(--awb-color1-l),calc( var(--awb-color1-a) - 10% ));--button_border_hover_color:hsla(var(--awb-color1-h),var(--awb-color1-s),var(--awb-color1-l),calc( var(--awb-color1-a) - 10% ));--button_gradient_top_color:var(--awb-color5);--button_gradient_bottom_color:var(--awb-color5);--button_gradient_top_color_hover:#a48c7f;--button_gradient_bottom_color_hover:#a48c7f;\" target=\"_blank\" rel=\"noopener noreferrer\" href=\"https:\/\/www.instagram.com\/p\/CjAqk-atKrs\/?igshid=YmMyMTA2M2Y=\"><span class=\"fusion-button-text awb-button__text awb-button__text--default\">Quick info on the hike<\/span><i class=\"builder-arrow awb-button__icon awb-button__icon--default button-icon-right\" aria-hidden=\"true\"><\/i><\/a><\/div><\/div><\/div><div class=\"fusion-layout-column fusion_builder_column fusion-builder-column-1 fusion_builder_column_1_1 1_1 fusion-flex-column fusion-flex-align-self-flex-start fusion-column-no-min-height\" style=\"--awb-bg-blend:overlay;--awb-bg-size:cover;--awb-width-large:100%;--awb-margin-top-large:0px;--awb-spacing-right-large:1.92%;--awb-margin-bottom-large:0px;--awb-spacing-left-large:1.92%;--awb-width-medium:100%;--awb-spacing-right-medium:1.92%;--awb-spacing-left-medium:1.92%;--awb-width-small:100%;--awb-spacing-right-small:1.92%;--awb-spacing-left-small:1.92%;\"><div class=\"fusion-column-wrapper fusion-flex-justify-content-flex-start fusion-content-layout-column\"><div class=\"fusion-text fusion-text-3\" style=\"--awb-text-transform:none;\"><h3><span style=\"color: #127b7f;\">Into the fun of nature &#8230;<\/span><\/h3>\n<p>Well equipped with suitable footwear and a rucksack, you start this delightful tour at Hintersteiner See near Scheffau. You can park your car here (please note that there is a charge for parking!), or alternatively you can easily reach the lake by hiking bus. Above the Seest\u00fcberl you will discover a secluded forest path (trail no. 45a), which soon leads into a wider hiking trail. The trail now descends briefly, but soon climbs again and you reach the flowering alpine meadows.<\/p>\n<h3><\/h3>\n<h3><span style=\"color: #127b7f;\">Let nature take effect on you<\/span><\/h3>\n<p>Let your gaze wander over the meadows and admire the diverse shapes and colors of the flowers. Perhaps you will discover the pretty silver thistles along the way? These flowers are a protected species &#8211; so picking them is prohibited! However, they are particularly popular as a photo motif!<\/p>\n<h3><\/h3>\n<h3><span style=\"color: #127b7f;\">So close to the mountain top<\/span><\/h3>\n<p>Just a few more steps and you can already enjoy the view of the Kreuzbichl summit cross! Now you have to hike uphill for a while until you reach a fork in the road. There are now 2 options here:<\/p>\n<ul>\n<li>The first option takes you to the right &#8211; this is how you reach the small alpine village with the rustic alpine huts of the Kafma Alm, the St\u00f6fflh\u00fctte and the Waller Alm, which is situated a little higher up.<\/li>\n<li>The second option leads to the left along a steeper path through a rocky mountain landscape (walking time approx. 10 minutes) directly to the summit cross of the Kreuzbichl. Here you are at almost 1,200 m above sea level and have a magnificent view of the majestic mountains of the Kaisergebirge.<\/li>\n<\/ul>\n<h3><\/h3>\n<h3><span style=\"color: #127b7f;\">Quaint Walleralm &amp; the way back<\/span><\/h3>\n<p>If your stomach starts growling, the rustic Waller Alm invites you to stop for a bite to eat. Especially recommended is the popular &#8220;Presskn\u00f6del-Suppe&#8221;, which the hut owners always prepare freshly together with Grandma Frieda.<\/p>\n<p>Strengthened with Tyrolean delicacies, you can then make your way back! At the beginning of the forest, take trail no. 45 to the right at the crossroads, which leads to the Maier snack station. Perhaps you would like to take a short break?<\/p>\n<p>From here, the trail leads you along the Hintersteiner See lake to the starting point of the hike, the parking lot. Enjoy the route along the mountain lake, admire the crystal-clear water and the reflection of the mountain peaks on the surface of the water!<\/p>\n<p>Our team from Aparthotel Bergland . Ferienwohnung S\u00f6ll wishes all hikers a wonderful tour and would like to recommend the diverse photo motifs of this circular hike to all amateur photographers. The mountain lake, the flowering meadows, the summit cross, the rustic alpine huts and many scenic features, such as interesting root formations, invite you to take photos!<\/p>\n<p><em>Source:<\/em><br \/>\nhttps:\/\/www.wilderkaiser.info\/de\/tours\/vom-hintersteiner-see-auf-die-walleralm.html<\/p>\n<\/div><\/div><\/div><\/div><\/div>\n","protected":false},"excerpt":{"rendered":"","protected":false},"author":6,"featured_media":10330,"comment_status":"closed","ping_status":"open","sticky":false,"template":"","format":"standard","meta":{"footnotes":""},"categories":[98],"tags":[],"class_list":["post-10322","post","type-post","status-publish","format-standard","has-post-thumbnail","hentry","category-hiking-en"],"yoast_head":"<!-- This site is optimized with the Yoast SEO plugin v27.5 - https:\/\/yoast.com\/product\/yoast-seo-wordpress\/ -->\n<title>Top hike to the Walleralm . by Ferienwohnung S\u00f6ll . Mountain country<\/title>\n<meta name=\"description\" content=\"Bergland, your vacation apartment in S\u00f6ll presents one of the most beautiful hikes in the region: Walleralm + Kreuzbichl\" \/>\n<meta name=\"robots\" content=\"noindex, follow, max-snippet:-1, max-image-preview:large, max-video-preview:-1\" \/>\n<meta property=\"og:locale\" content=\"en_US\" \/>\n<meta property=\"og:type\" content=\"article\" \/>\n<meta property=\"og:title\" content=\"Top hike to the Walleralm . by Ferienwohnung S\u00f6ll . Mountain country\" \/>\n<meta property=\"og:description\" content=\"Bergland, your vacation apartment in S\u00f6ll presents one of the most beautiful hikes in the region: Walleralm + Kreuzbichl\" \/>\n<meta property=\"og:url\" content=\"https:\/\/www.dorfglueck-bergland.at\/en\/enchanting-hike-to-the-walleralm\/\" \/>\n<meta property=\"og:site_name\" content=\"Bergland Dorfgl\u00fcck\" \/>\n<meta property=\"article:published_time\" content=\"2025-01-21T21:10:50+00:00\" \/>\n<meta property=\"article:modified_time\" content=\"2026-01-23T23:23:27+00:00\" \/>\n<meta property=\"og:image\" content=\"https:\/\/www.dorfglueck-bergland.at\/wp-content\/uploads\/2022\/09\/2022_09_Walleralm2.jpg\" \/>\n\t<meta property=\"og:image:width\" content=\"1600\" \/>\n\t<meta property=\"og:image:height\" content=\"984\" \/>\n\t<meta property=\"og:image:type\" content=\"image\/jpeg\" \/>\n<meta name=\"author\" content=\"Sabine Egger\" \/>\n<meta name=\"twitter:card\" content=\"summary_large_image\" \/>\n<meta name=\"twitter:label1\" content=\"Written by\" \/>\n\t<meta name=\"twitter:data1\" content=\"Sabine Egger\" \/>\n\t<meta name=\"twitter:label2\" content=\"Est. reading time\" \/>\n\t<meta name=\"twitter:data2\" content=\"9 minutes\" \/>\n<script type=\"application\/ld+json\" class=\"yoast-schema-graph\">{\"@context\":\"https:\\\/\\\/schema.org\",\"@graph\":[{\"@type\":\"Article\",\"@id\":\"https:\\\/\\\/www.dorfglueck-bergland.at\\\/en\\\/enchanting-hike-to-the-walleralm\\\/#article\",\"isPartOf\":{\"@id\":\"https:\\\/\\\/www.dorfglueck-bergland.at\\\/en\\\/enchanting-hike-to-the-walleralm\\\/\"},\"author\":{\"name\":\"Sabine Egger\",\"@id\":\"https:\\\/\\\/www.dorfglueck-bergland.at\\\/en\\\/#\\\/schema\\\/person\\\/f33eb9ceda8c5e6b8b296daa5df7a96c\"},\"headline\":\"Enchanting hike to the Walleralm\",\"datePublished\":\"2025-01-21T21:10:50+00:00\",\"dateModified\":\"2026-01-23T23:23:27+00:00\",\"mainEntityOfPage\":{\"@id\":\"https:\\\/\\\/www.dorfglueck-bergland.at\\\/en\\\/enchanting-hike-to-the-walleralm\\\/\"},\"wordCount\":1813,\"image\":{\"@id\":\"https:\\\/\\\/www.dorfglueck-bergland.at\\\/en\\\/enchanting-hike-to-the-walleralm\\\/#primaryimage\"},\"thumbnailUrl\":\"https:\\\/\\\/www.dorfglueck-bergland.at\\\/wp-content\\\/uploads\\\/2022\\\/09\\\/2022_09_Walleralm2.jpg\",\"articleSection\":[\"Hiking\"],\"inLanguage\":\"en-US\"},{\"@type\":\"WebPage\",\"@id\":\"https:\\\/\\\/www.dorfglueck-bergland.at\\\/en\\\/enchanting-hike-to-the-walleralm\\\/\",\"url\":\"https:\\\/\\\/www.dorfglueck-bergland.at\\\/en\\\/enchanting-hike-to-the-walleralm\\\/\",\"name\":\"Top hike to the Walleralm . by Ferienwohnung S\u00f6ll . Mountain country\",\"isPartOf\":{\"@id\":\"https:\\\/\\\/www.dorfglueck-bergland.at\\\/en\\\/#website\"},\"primaryImageOfPage\":{\"@id\":\"https:\\\/\\\/www.dorfglueck-bergland.at\\\/en\\\/enchanting-hike-to-the-walleralm\\\/#primaryimage\"},\"image\":{\"@id\":\"https:\\\/\\\/www.dorfglueck-bergland.at\\\/en\\\/enchanting-hike-to-the-walleralm\\\/#primaryimage\"},\"thumbnailUrl\":\"https:\\\/\\\/www.dorfglueck-bergland.at\\\/wp-content\\\/uploads\\\/2022\\\/09\\\/2022_09_Walleralm2.jpg\",\"datePublished\":\"2025-01-21T21:10:50+00:00\",\"dateModified\":\"2026-01-23T23:23:27+00:00\",\"author\":{\"@id\":\"https:\\\/\\\/www.dorfglueck-bergland.at\\\/en\\\/#\\\/schema\\\/person\\\/f33eb9ceda8c5e6b8b296daa5df7a96c\"},\"description\":\"Bergland, your vacation apartment in S\u00f6ll presents one of the most beautiful hikes in the region: Walleralm + Kreuzbichl\",\"breadcrumb\":{\"@id\":\"https:\\\/\\\/www.dorfglueck-bergland.at\\\/en\\\/enchanting-hike-to-the-walleralm\\\/#breadcrumb\"},\"inLanguage\":\"en-US\",\"potentialAction\":[{\"@type\":\"ReadAction\",\"target\":[\"https:\\\/\\\/www.dorfglueck-bergland.at\\\/en\\\/enchanting-hike-to-the-walleralm\\\/\"]}]},{\"@type\":\"ImageObject\",\"inLanguage\":\"en-US\",\"@id\":\"https:\\\/\\\/www.dorfglueck-bergland.at\\\/en\\\/enchanting-hike-to-the-walleralm\\\/#primaryimage\",\"url\":\"https:\\\/\\\/www.dorfglueck-bergland.at\\\/wp-content\\\/uploads\\\/2022\\\/09\\\/2022_09_Walleralm2.jpg\",\"contentUrl\":\"https:\\\/\\\/www.dorfglueck-bergland.at\\\/wp-content\\\/uploads\\\/2022\\\/09\\\/2022_09_Walleralm2.jpg\",\"width\":1600,\"height\":984,\"caption\":\"Photo: Hiking to the Walleralm at the apartment house of your vacation apartment on vacation with your dog in S\u00f6ll Tirol Wilder Kaiser.\"},{\"@type\":\"BreadcrumbList\",\"@id\":\"https:\\\/\\\/www.dorfglueck-bergland.at\\\/en\\\/enchanting-hike-to-the-walleralm\\\/#breadcrumb\",\"itemListElement\":[{\"@type\":\"ListItem\",\"position\":1,\"name\":\"Startseite\",\"item\":\"https:\\\/\\\/www.dorfglueck-bergland.at\\\/en\\\/\"},{\"@type\":\"ListItem\",\"position\":2,\"name\":\"Enchanting hike to the Walleralm\"}]},{\"@type\":\"WebSite\",\"@id\":\"https:\\\/\\\/www.dorfglueck-bergland.at\\\/en\\\/#website\",\"url\":\"https:\\\/\\\/www.dorfglueck-bergland.at\\\/en\\\/\",\"name\":\"Bergland Dorfgl\u00fcck\",\"description\":\"G\u00fcnstiges Hostel in S\u00f6ll am Wilden Kaiser\",\"potentialAction\":[{\"@type\":\"SearchAction\",\"target\":{\"@type\":\"EntryPoint\",\"urlTemplate\":\"https:\\\/\\\/www.dorfglueck-bergland.at\\\/en\\\/?s={search_term_string}\"},\"query-input\":{\"@type\":\"PropertyValueSpecification\",\"valueRequired\":true,\"valueName\":\"search_term_string\"}}],\"inLanguage\":\"en-US\"},{\"@type\":\"Person\",\"@id\":\"https:\\\/\\\/www.dorfglueck-bergland.at\\\/en\\\/#\\\/schema\\\/person\\\/f33eb9ceda8c5e6b8b296daa5df7a96c\",\"name\":\"Sabine Egger\",\"image\":{\"@type\":\"ImageObject\",\"inLanguage\":\"en-US\",\"@id\":\"https:\\\/\\\/secure.gravatar.com\\\/avatar\\\/db0c72207267e5818f52d5e91e771f18bb2ea3e9b2b2f51a331021f68ddd9501?s=96&d=mm&r=g\",\"url\":\"https:\\\/\\\/secure.gravatar.com\\\/avatar\\\/db0c72207267e5818f52d5e91e771f18bb2ea3e9b2b2f51a331021f68ddd9501?s=96&d=mm&r=g\",\"contentUrl\":\"https:\\\/\\\/secure.gravatar.com\\\/avatar\\\/db0c72207267e5818f52d5e91e771f18bb2ea3e9b2b2f51a331021f68ddd9501?s=96&d=mm&r=g\",\"caption\":\"Sabine Egger\"},\"description\":\"Sabine Egger ist Content Creator und schreibt Blogbeitr\u00e4ge f\u00fcr das Appartement Haus Bergland in S\u00f6ll. Sie ist ein begeisterter Fan dieses charmanten Aparthotels und der idyllischen Region Wilder Kaiser. In ihren Texten legt sie Wert darauf, das Lebensgef\u00fchl der Region Wilder Kaiser einzufangen, \u00fcber die Wanderungen und Aktivit\u00e4ten rund um S\u00f6ll zu berichten und Sie an Tiroler Traditionen und regionalen Rezepten teilhaben zu lassen.\",\"sameAs\":[\"https:\\\/\\\/www.etouristik.at\\\/\"],\"url\":\"https:\\\/\\\/www.dorfglueck-bergland.at\\\/en\\\/author\\\/sabine_etouristik\\\/\"}]}<\/script>\n<!-- \/ Yoast SEO plugin. -->","yoast_head_json":{"title":"Top hike to the Walleralm . by Ferienwohnung S\u00f6ll . Mountain country","description":"Bergland, your vacation apartment in S\u00f6ll presents one of the most beautiful hikes in the region: Walleralm + Kreuzbichl","robots":{"index":"noindex","follow":"follow","max-snippet":"max-snippet:-1","max-image-preview":"max-image-preview:large","max-video-preview":"max-video-preview:-1"},"og_locale":"en_US","og_type":"article","og_title":"Top hike to the Walleralm . by Ferienwohnung S\u00f6ll . Mountain country","og_description":"Bergland, your vacation apartment in S\u00f6ll presents one of the most beautiful hikes in the region: Walleralm + Kreuzbichl","og_url":"https:\/\/www.dorfglueck-bergland.at\/en\/enchanting-hike-to-the-walleralm\/","og_site_name":"Bergland Dorfgl\u00fcck","article_published_time":"2025-01-21T21:10:50+00:00","article_modified_time":"2026-01-23T23:23:27+00:00","og_image":[{"width":1600,"height":984,"url":"https:\/\/www.dorfglueck-bergland.at\/wp-content\/uploads\/2022\/09\/2022_09_Walleralm2.jpg","type":"image\/jpeg"}],"author":"Sabine Egger","twitter_card":"summary_large_image","twitter_misc":{"Written by":"Sabine Egger","Est. reading time":"9 minutes"},"schema":{"@context":"https:\/\/schema.org","@graph":[{"@type":"Article","@id":"https:\/\/www.dorfglueck-bergland.at\/en\/enchanting-hike-to-the-walleralm\/#article","isPartOf":{"@id":"https:\/\/www.dorfglueck-bergland.at\/en\/enchanting-hike-to-the-walleralm\/"},"author":{"name":"Sabine Egger","@id":"https:\/\/www.dorfglueck-bergland.at\/en\/#\/schema\/person\/f33eb9ceda8c5e6b8b296daa5df7a96c"},"headline":"Enchanting hike to the Walleralm","datePublished":"2025-01-21T21:10:50+00:00","dateModified":"2026-01-23T23:23:27+00:00","mainEntityOfPage":{"@id":"https:\/\/www.dorfglueck-bergland.at\/en\/enchanting-hike-to-the-walleralm\/"},"wordCount":1813,"image":{"@id":"https:\/\/www.dorfglueck-bergland.at\/en\/enchanting-hike-to-the-walleralm\/#primaryimage"},"thumbnailUrl":"https:\/\/www.dorfglueck-bergland.at\/wp-content\/uploads\/2022\/09\/2022_09_Walleralm2.jpg","articleSection":["Hiking"],"inLanguage":"en-US"},{"@type":"WebPage","@id":"https:\/\/www.dorfglueck-bergland.at\/en\/enchanting-hike-to-the-walleralm\/","url":"https:\/\/www.dorfglueck-bergland.at\/en\/enchanting-hike-to-the-walleralm\/","name":"Top hike to the Walleralm . by Ferienwohnung S\u00f6ll . Mountain country","isPartOf":{"@id":"https:\/\/www.dorfglueck-bergland.at\/en\/#website"},"primaryImageOfPage":{"@id":"https:\/\/www.dorfglueck-bergland.at\/en\/enchanting-hike-to-the-walleralm\/#primaryimage"},"image":{"@id":"https:\/\/www.dorfglueck-bergland.at\/en\/enchanting-hike-to-the-walleralm\/#primaryimage"},"thumbnailUrl":"https:\/\/www.dorfglueck-bergland.at\/wp-content\/uploads\/2022\/09\/2022_09_Walleralm2.jpg","datePublished":"2025-01-21T21:10:50+00:00","dateModified":"2026-01-23T23:23:27+00:00","author":{"@id":"https:\/\/www.dorfglueck-bergland.at\/en\/#\/schema\/person\/f33eb9ceda8c5e6b8b296daa5df7a96c"},"description":"Bergland, your vacation apartment in S\u00f6ll presents one of the most beautiful hikes in the region: Walleralm + Kreuzbichl","breadcrumb":{"@id":"https:\/\/www.dorfglueck-bergland.at\/en\/enchanting-hike-to-the-walleralm\/#breadcrumb"},"inLanguage":"en-US","potentialAction":[{"@type":"ReadAction","target":["https:\/\/www.dorfglueck-bergland.at\/en\/enchanting-hike-to-the-walleralm\/"]}]},{"@type":"ImageObject","inLanguage":"en-US","@id":"https:\/\/www.dorfglueck-bergland.at\/en\/enchanting-hike-to-the-walleralm\/#primaryimage","url":"https:\/\/www.dorfglueck-bergland.at\/wp-content\/uploads\/2022\/09\/2022_09_Walleralm2.jpg","contentUrl":"https:\/\/www.dorfglueck-bergland.at\/wp-content\/uploads\/2022\/09\/2022_09_Walleralm2.jpg","width":1600,"height":984,"caption":"Photo: Hiking to the Walleralm at the apartment house of your vacation apartment on vacation with your dog in S\u00f6ll Tirol Wilder Kaiser."},{"@type":"BreadcrumbList","@id":"https:\/\/www.dorfglueck-bergland.at\/en\/enchanting-hike-to-the-walleralm\/#breadcrumb","itemListElement":[{"@type":"ListItem","position":1,"name":"Startseite","item":"https:\/\/www.dorfglueck-bergland.at\/en\/"},{"@type":"ListItem","position":2,"name":"Enchanting hike to the Walleralm"}]},{"@type":"WebSite","@id":"https:\/\/www.dorfglueck-bergland.at\/en\/#website","url":"https:\/\/www.dorfglueck-bergland.at\/en\/","name":"Bergland Dorfgl\u00fcck","description":"G\u00fcnstiges Hostel in S\u00f6ll am Wilden Kaiser","potentialAction":[{"@type":"SearchAction","target":{"@type":"EntryPoint","urlTemplate":"https:\/\/www.dorfglueck-bergland.at\/en\/?s={search_term_string}"},"query-input":{"@type":"PropertyValueSpecification","valueRequired":true,"valueName":"search_term_string"}}],"inLanguage":"en-US"},{"@type":"Person","@id":"https:\/\/www.dorfglueck-bergland.at\/en\/#\/schema\/person\/f33eb9ceda8c5e6b8b296daa5df7a96c","name":"Sabine Egger","image":{"@type":"ImageObject","inLanguage":"en-US","@id":"https:\/\/secure.gravatar.com\/avatar\/db0c72207267e5818f52d5e91e771f18bb2ea3e9b2b2f51a331021f68ddd9501?s=96&d=mm&r=g","url":"https:\/\/secure.gravatar.com\/avatar\/db0c72207267e5818f52d5e91e771f18bb2ea3e9b2b2f51a331021f68ddd9501?s=96&d=mm&r=g","contentUrl":"https:\/\/secure.gravatar.com\/avatar\/db0c72207267e5818f52d5e91e771f18bb2ea3e9b2b2f51a331021f68ddd9501?s=96&d=mm&r=g","caption":"Sabine Egger"},"description":"Sabine Egger ist Content Creator und schreibt Blogbeitr\u00e4ge f\u00fcr das Appartement Haus Bergland in S\u00f6ll. Sie ist ein begeisterter Fan dieses charmanten Aparthotels und der idyllischen Region Wilder Kaiser. In ihren Texten legt sie Wert darauf, das Lebensgef\u00fchl der Region Wilder Kaiser einzufangen, \u00fcber die Wanderungen und Aktivit\u00e4ten rund um S\u00f6ll zu berichten und Sie an Tiroler Traditionen und regionalen Rezepten teilhaben zu lassen.","sameAs":["https:\/\/www.etouristik.at\/"],"url":"https:\/\/www.dorfglueck-bergland.at\/en\/author\/sabine_etouristik\/"}]}},"_links":{"self":[{"href":"https:\/\/www.dorfglueck-bergland.at\/en\/wp-json\/wp\/v2\/posts\/10322","targetHints":{"allow":["GET"]}}],"collection":[{"href":"https:\/\/www.dorfglueck-bergland.at\/en\/wp-json\/wp\/v2\/posts"}],"about":[{"href":"https:\/\/www.dorfglueck-bergland.at\/en\/wp-json\/wp\/v2\/types\/post"}],"author":[{"embeddable":true,"href":"https:\/\/www.dorfglueck-bergland.at\/en\/wp-json\/wp\/v2\/users\/6"}],"replies":[{"embeddable":true,"href":"https:\/\/www.dorfglueck-bergland.at\/en\/wp-json\/wp\/v2\/comments?post=10322"}],"version-history":[{"count":5,"href":"https:\/\/www.dorfglueck-bergland.at\/en\/wp-json\/wp\/v2\/posts\/10322\/revisions"}],"predecessor-version":[{"id":14382,"href":"https:\/\/www.dorfglueck-bergland.at\/en\/wp-json\/wp\/v2\/posts\/10322\/revisions\/14382"}],"wp:featuredmedia":[{"embeddable":true,"href":"https:\/\/www.dorfglueck-bergland.at\/en\/wp-json\/wp\/v2\/media\/10330"}],"wp:attachment":[{"href":"https:\/\/www.dorfglueck-bergland.at\/en\/wp-json\/wp\/v2\/media?parent=10322"}],"wp:term":[{"taxonomy":"category","embeddable":true,"href":"https:\/\/www.dorfglueck-bergland.at\/en\/wp-json\/wp\/v2\/categories?post=10322"},{"taxonomy":"post_tag","embeddable":true,"href":"https:\/\/www.dorfglueck-bergland.at\/en\/wp-json\/wp\/v2\/tags?post=10322"}],"curies":[{"name":"wp","href":"https:\/\/api.w.org\/{rel}","templated":true}]}}